{"id":28011,"date":"2019-08-21T05:51:44","date_gmt":"2019-08-21T03:51:44","guid":{"rendered":"http:\/\/www.slaponline.nl\/nieuws\/?p=28011"},"modified":"2019-08-21T05:51:44","modified_gmt":"2019-08-21T03:51:44","slug":"nieuwe-update-bners-bij-tdobc-op-1-september-in-lierop","status":"publish","type":"post","link":"https:\/\/www.slaponline.nl\/nieuws\/nieuwe-update-bners-bij-tdobc-op-1-september-in-lierop\/","title":{"rendered":"Nieuwe update BN\u2019ers bij TDOBC op 1 september in Lierop"},"content":{"rendered":"<p>Over twee weken is het zover! De organisatie is bezig met de laatste voorbereidingen en de deelnemers en deelneemsters hebben hun vakantieperiode volop benut om zich mentaal en fysiek voor te bereiden op de \u201cTour Der Ongeschoren Benen Classic.\u201d<\/p>\n<p>In deze bijdrage stellen we een zestal deelnemende oud-profs aan u voor.<\/p>\n<p>PETER WINNEN debuteerde in 1981 in de Tour de France met de eindzege in het jongerenklassement en de legendarische ritzege op de Alpe d\u2019Huez. Twee jaar later won hij opnieuw op de \u201cNederlandse\u201d berg. Na zijn actieve wielerperiode heeft hij verschillende boeken over zijn wielerpassie geschreven.<\/p>\n<p>KOOS MOERENHOUT werd twee keer kampioen van Nederland bij de profs. In 2000 nam hij deel aan de Olympische Spelen. Hij nam zeven keer deel aan de Tour en is na zijn actieve wielerjaren vooral bekend geworden als ploegleider en is de huidige bondscoach van ons land.<\/p>\n<p>TWAN POELS nam als beroepsrenner vijf keer deel aan de Tour. In 1986 werd hij tweede in de klassieker Gent-Wevelgem. Met een fietsende zoon Xavier en zijn werkzaamheden binnen de organisatie van Daags na de Tour in Boxmeer is Twan nog steeds hecht betrokken bij de wielersport.<\/p>\n<p>PIET ROOIJAKKERS uit het Brabantse Gerwen reed vijf jaar lang in de kleuren van Skil-Shimano. Tien jaar geleden maakte hij zijn debuut in de Tour de France. Hij is werkzaam voor Team Sunweb en fungeert als manager van het bijzonder succesvolle Alecto Cycling Team.<\/p>\n<p>REN\u00c9 KOPPERT tekende na het behalen van de nationale wegtitel bij de amateurs een profcontract bij de legendarische Raleighploeg van Peter Post. In zijn debuutjaar 1982 won hij de prologen van de Dauphin\u00e9 Liber\u00e9 en de Ronde van Romandi\u00eb. Ook kwam hij uit voor Italiaanse wielerploegen. Als organisator van het jaarlijkse \u201cWielergala\u201d is hij hecht betrokken bij de wielersport.<\/p>\n<p>MARTIN HAVIK sloot zijn profloopbaan af in Italiaanse dienst als knecht van Francesco Moser in de kleuren van GIS Tuc Lu. Veertig jaar geleden stond hij met een derde plaats op het podium van Parijs-Brussel. Hij bouwde een succesvolle maatschappelijke carri\u00e8re op in de Italiaanse textielstad Prato.<\/p>\n<p>Zie eventueel ook de eerdere berichten:<\/p>\n<p><a href=\"https:\/\/www.slaponline.nl\/nieuws\/nieuwe-update-bners-1-september-in-lierop\/\" target=\"_blank\" rel=\"noopener noreferrer\">Vrijdag 9 augustus<\/a><\/p>\n<p><a href=\"https:\/\/www.slaponline.nl\/nieuws\/tweede-serie-namen-tour-der-ongeschoren-benen-classic\/\" target=\"_blank\" rel=\"noopener noreferrer\">Maandag 22 juli<\/a><\/p>\n<p><a href=\"https:\/\/www.slaponline.nl\/nieuws\/eerste-namen-artiesten-en-oudwielrenners-tdobc-bekend\/\" target=\"_blank\" rel=\"noopener noreferrer\">Vrijdag 5 juli<\/a><\/p>\n<p><a href=\"https:\/\/www.slaponline.nl\/nieuws\/update-bners-die-1-september-in-lierop-starten-bij-de-tdobc\/\" target=\"_blank\" rel=\"noopener noreferrer\">Dinsdag 30 juli<\/a><\/p>\n<p><img decoding=\"async\" class=\"wp-image-28012 aligncenter\" src=\"https:\/\/www.slaponline.nl\/nieuws\/wp-content\/uploads\/2019\/08\/1-Peter-Winnen-1200-300x290.jpg\" alt=\"\" width=\"774\" height=\"748\" srcset=\"https:\/\/www.slaponline.nl\/nieuws\/wp-content\/uploads\/2019\/08\/1-Peter-Winnen-1200-200x193.jpg 200w, https:\/\/www.slaponline.nl\/nieuws\/wp-content\/uploads\/2019\/08\/1-Peter-Winnen-1200-300x290.jpg 300w, https:\/\/www.slaponline.nl\/nieuws\/wp-content\/uploads\/2019\/08\/1-Peter-Winnen-1200-400x387.jpg 400w, https:\/\/www.slaponline.nl\/nieuws\/wp-content\/uploads\/2019\/08\/1-Peter-Winnen-1200-600x580.jpg 600w, https:\/\/www.slaponline.nl\/nieuws\/wp-content\/uploads\/2019\/08\/1-Peter-Winnen-1200-768x742.jpg 768w, https:\/\/www.slaponline.nl\/nieuws\/wp-content\/uploads\/2019\/08\/1-Peter-Winnen-1200-800x773.jpg 800w, https:\/\/www.slaponline.nl\/nieuws\/wp-content\/uploads\/2019\/08\/1-Peter-Winnen-1200-1024x990.jpg 1024w, https:\/\/www.slaponline.nl\/nieuws\/wp-content\/uploads\/2019\/08\/1-Peter-Winnen-1200.jpg 1200w\" sizes=\"(max-width: 774px) 100vw, 774px\" \/><\/p>\n<p><img decoding=\"async\" class=\"wp-image-28013 aligncenter\" src=\"https:\/\/www.slaponline.nl\/nieuws\/wp-content\/uploads\/2019\/08\/2-koos-moerenhout1200-300x219.jpg\" alt=\"\" width=\"771\" height=\"563\" srcset=\"https:\/\/www.slaponline.nl\/nieuws\/wp-content\/uploads\/2019\/08\/2-koos-moerenhout1200-200x146.jpg 200w, https:\/\/www.slaponline.nl\/nieuws\/wp-content\/uploads\/2019\/08\/2-koos-moerenhout1200-300x219.jpg 300w, https:\/\/www.slaponline.nl\/nieuws\/wp-content\/uploads\/2019\/08\/2-koos-moerenhout1200-400x292.jpg 400w, https:\/\/www.slaponline.nl\/nieuws\/wp-content\/uploads\/2019\/08\/2-koos-moerenhout1200-600x438.jpg 600w, https:\/\/www.slaponline.nl\/nieuws\/wp-content\/uploads\/2019\/08\/2-koos-moerenhout1200-768x560.jpg 768w, https:\/\/www.slaponline.nl\/nieuws\/wp-content\/uploads\/2019\/08\/2-koos-moerenhout1200-800x583.jpg 800w, https:\/\/www.slaponline.nl\/nieuws\/wp-content\/uploads\/2019\/08\/2-koos-moerenhout1200-1024x747.jpg 1024w, https:\/\/www.slaponline.nl\/nieuws\/wp-content\/uploads\/2019\/08\/2-koos-moerenhout1200.jpg 1200w\" sizes=\"(max-width: 771px) 100vw, 771px\" \/><\/p>\n<p><img decoding=\"async\" class=\"wp-image-28014 aligncenter\" src=\"https:\/\/www.slaponline.nl\/nieuws\/wp-content\/uploads\/2019\/08\/3-twan-poels-600-233x300.jpg\" alt=\"\" width=\"573\" height=\"738\" srcset=\"https:\/\/www.slaponline.nl\/nieuws\/wp-content\/uploads\/2019\/08\/3-twan-poels-600-200x257.jpg 200w, https:\/\/www.slaponline.nl\/nieuws\/wp-content\/uploads\/2019\/08\/3-twan-poels-600-233x300.jpg 233w, https:\/\/www.slaponline.nl\/nieuws\/wp-content\/uploads\/2019\/08\/3-twan-poels-600-400x514.jpg 400w\" sizes=\"(max-width: 573px) 100vw, 573px\" \/><\/p>\n<p><img decoding=\"async\" class=\"wp-image-28015 aligncenter\" src=\"https:\/\/www.slaponline.nl\/nieuws\/wp-content\/uploads\/2019\/08\/4-piet-rooijakkers-1000-300x272.jpg\" alt=\"\" width=\"572\" height=\"519\" srcset=\"https:\/\/www.slaponline.nl\/nieuws\/wp-content\/uploads\/2019\/08\/4-piet-rooijakkers-1000-200x182.jpg 200w, https:\/\/www.slaponline.nl\/nieuws\/wp-content\/uploads\/2019\/08\/4-piet-rooijakkers-1000-300x272.jpg 300w, https:\/\/www.slaponline.nl\/nieuws\/wp-content\/uploads\/2019\/08\/4-piet-rooijakkers-1000-400x363.jpg 400w, https:\/\/www.slaponline.nl\/nieuws\/wp-content\/uploads\/2019\/08\/4-piet-rooijakkers-1000-600x545.jpg 600w, https:\/\/www.slaponline.nl\/nieuws\/wp-content\/uploads\/2019\/08\/4-piet-rooijakkers-1000-768x697.jpg 768w, https:\/\/www.slaponline.nl\/nieuws\/wp-content\/uploads\/2019\/08\/4-piet-rooijakkers-1000-800x726.jpg 800w, https:\/\/www.slaponline.nl\/nieuws\/wp-content\/uploads\/2019\/08\/4-piet-rooijakkers-1000.jpg 1000w\" sizes=\"(max-width: 572px) 100vw, 572px\" \/><\/p>\n<p><img decoding=\"async\" class=\"wp-image-28016 aligncenter\" src=\"https:\/\/www.slaponline.nl\/nieuws\/wp-content\/uploads\/2019\/08\/5-rene-koppert-600-218x300.jpg\" alt=\"\" width=\"569\" height=\"783\" srcset=\"https:\/\/www.slaponline.nl\/nieuws\/wp-content\/uploads\/2019\/08\/5-rene-koppert-600-200x275.jpg 200w, https:\/\/www.slaponline.nl\/nieuws\/wp-content\/uploads\/2019\/08\/5-rene-koppert-600-218x300.jpg 218w, https:\/\/www.slaponline.nl\/nieuws\/wp-content\/uploads\/2019\/08\/5-rene-koppert-600-400x551.jpg 400w, https:\/\/www.slaponline.nl\/nieuws\/wp-content\/uploads\/2019\/08\/5-rene-koppert-600.jpg 600w\" sizes=\"(max-width: 569px) 100vw, 569px\" \/><\/p>\n<p><img decoding=\"async\" class=\"wp-image-28017 aligncenter\" src=\"https:\/\/www.slaponline.nl\/nieuws\/wp-content\/uploads\/2019\/08\/6-martin-havik-600-256x300.jpg\" alt=\"\" width=\"570\" height=\"669\" srcset=\"https:\/\/www.slaponline.nl\/nieuws\/wp-content\/uploads\/2019\/08\/6-martin-havik-600-200x235.jpg 200w, https:\/\/www.slaponline.nl\/nieuws\/wp-content\/uploads\/2019\/08\/6-martin-havik-600-256x300.jpg 256w, https:\/\/www.slaponline.nl\/nieuws\/wp-content\/uploads\/2019\/08\/6-martin-havik-600-400x469.jpg 400w, https:\/\/www.slaponline.nl\/nieuws\/wp-content\/uploads\/2019\/08\/6-martin-havik-600.jpg 600w\" sizes=\"(max-width: 570px) 100vw, 570px\" \/><\/p>\n<p>&nbsp;<\/p>\n","protected":false},"excerpt":{"rendered":"<p> <a href=\"https:\/\/www.slaponline.nl\/nieuws\/nieuwe-update-bners-bij-tdobc-op-1-september-in-lierop\/\"> [&#8230;]<\/a><\/p>\n","protected":false},"author":3111,"featured_media":27816,"comment_status":"closed","ping_status":"open","sticky":false,"template":"","format":"standard","meta":{"ngg_post_thumbnail":0,"footnotes":""},"categories":[1],"tags":[],"class_list":["post-28011","post","type-post","status-publish","format-standard","has-post-thumbnail","hentry","category-nieuws"],"_links":{"self":[{"href":"https:\/\/www.slaponline.nl\/nieuws\/wp-json\/wp\/v2\/posts\/28011","targetHints":{"allow":["GET"]}}],"collection":[{"href":"https:\/\/www.slaponline.nl\/nieuws\/wp-json\/wp\/v2\/posts"}],"about":[{"href":"https:\/\/www.slaponline.nl\/nieuws\/wp-json\/wp\/v2\/types\/post"}],"author":[{"embeddable":true,"href":"https:\/\/www.slaponline.nl\/nieuws\/wp-json\/wp\/v2\/users\/3111"}],"replies":[{"embeddable":true,"href":"https:\/\/www.slaponline.nl\/nieuws\/wp-json\/wp\/v2\/comments?post=28011"}],"version-history":[{"count":0,"href":"https:\/\/www.slaponline.nl\/nieuws\/wp-json\/wp\/v2\/posts\/28011\/revisions"}],"wp:featuredmedia":[{"embeddable":true,"href":"https:\/\/www.slaponline.nl\/nieuws\/wp-json\/wp\/v2\/media\/27816"}],"wp:attachment":[{"href":"https:\/\/www.slaponline.nl\/nieuws\/wp-json\/wp\/v2\/media?parent=28011"}],"wp:term":[{"taxonomy":"category","embeddable":true,"href":"https:\/\/www.slaponline.nl\/nieuws\/wp-json\/wp\/v2\/categories?post=28011"},{"taxonomy":"post_tag","embeddable":true,"href":"https:\/\/www.slaponline.nl\/nieuws\/wp-json\/wp\/v2\/tags?post=28011"}],"curies":[{"name":"wp","href":"https:\/\/api.w.org\/{rel}","templated":true}]}}