{"id":51550,"date":"2023-03-27T06:05:09","date_gmt":"2023-03-27T04:05:09","guid":{"rendered":"https:\/\/www.slaponline.nl\/nieuws\/?p=51550"},"modified":"2023-03-27T06:05:09","modified_gmt":"2023-03-27T04:05:09","slug":"thema-wat-is-de-invloed-van-leefstijl-op-dementie-op-4-april-in-alzheimer-cafe","status":"publish","type":"post","link":"https:\/\/www.slaponline.nl\/nieuws\/thema-wat-is-de-invloed-van-leefstijl-op-dementie-op-4-april-in-alzheimer-cafe\/","title":{"rendered":"Thema &#8216;Wat is de invloed van leefstijl op dementie?&#8217; op 4 april in Alzheimer Caf\u00e9"},"content":{"rendered":"<p>Het caf\u00e9 is bedoeld voor mensen met dementie, hun naasten en belangstellenden uit de gemeente Asten, Deurne en Someren en is van 19.30 \u2013 21.00 uur. Inloop vanaf 19.00 uur.<\/p>\n<p>Van Johan van Lierop kregen we onderstand bericht\u2026<br \/>\nGelukkig wisten de mensen op 7 maart de weg naar de nieuwe locatie &#8211; \u2019t Kwartier, Kerkstraat 10 in Asten &#8211; te vinden. Na het zware thema palliatieve zorg\/euthanasie\/ vrijwillige terminale zorg, volgt op 4 een april het thema Leefstijl: bewegen \u2013 gezondheid \u2013 voeding.<\/p>\n<p>Wat is de invloed van leefstijl op dementie?<br \/>\nDementie overkomt je, het valt niet te genezen. Wat doet je manier van leven met de voortgang van het proces van dementie? Daarover gaat gespreksleider Jac Huijsmans in gesprek met Peter Bakens, publicist en oud-docent HBO-Verzorging.<\/p>\n<p>Onderwerpen die in het gesprek aan de orde komen zijn voeding, bewegen, mondverzorging, sociale contacten, verkeersdeelname, etc. Ze zullen inzoomen op een heel bijzondere manier van bewegen: zwementie.<\/p>\n<p>Tweede keer op nieuwe locatie<br \/>\nHet zal voor de vaste bezoekers en voor de vrijwilligers van het Alzheimer Caf\u00e9 wellicht even wennen zijn aan de nieuwe locatie. Het Caf\u00e9 vindt plaats in de grote zaal. Ook hier is het eerste kopje koffie op rekening van het Alzheimer Caf\u00e9; overige drankjes zijn voor eigen kosten. De vrijwilligers doen er verder alles aan om de vertrouwde, veilige sfeer die er was in De Beiaard ook in \u2019t Kwartier te realiseren.&nbsp;<\/p>\n<p>Voor meer informatie over het Alzheimer Caf\u00e9 Peelland kun je contact opnemen met:<br \/>\nPetra Raijmakers \u2013 T: 06 \u2013 40953730.<\/p>\n<p>Zie voor verdere info <a href=\"https:\/\/www.alzheimer-nederland.nl\/regios\/zuidoost-brabant\/alzheimer-cafe-peelland\" target=\"_blank\" rel=\"noopener\">de website<\/a>.<\/p>\n<p>&nbsp;<\/p>\n","protected":false},"excerpt":{"rendered":"<p> <a href=\"https:\/\/www.slaponline.nl\/nieuws\/thema-wat-is-de-invloed-van-leefstijl-op-dementie-op-4-april-in-alzheimer-cafe\/\"> [&#8230;]<\/a><\/p>\n","protected":false},"author":3111,"featured_media":51072,"comment_status":"closed","ping_status":"open","sticky":false,"template":"","format":"standard","meta":{"ngg_post_thumbnail":0,"footnotes":""},"categories":[1],"tags":[],"class_list":["post-51550","post","type-post","status-publish","format-standard","has-post-thumbnail","hentry","category-nieuws"],"_links":{"self":[{"href":"https:\/\/www.slaponline.nl\/nieuws\/wp-json\/wp\/v2\/posts\/51550","targetHints":{"allow":["GET"]}}],"collection":[{"href":"https:\/\/www.slaponline.nl\/nieuws\/wp-json\/wp\/v2\/posts"}],"about":[{"href":"https:\/\/www.slaponline.nl\/nieuws\/wp-json\/wp\/v2\/types\/post"}],"author":[{"embeddable":true,"href":"https:\/\/www.slaponline.nl\/nieuws\/wp-json\/wp\/v2\/users\/3111"}],"replies":[{"embeddable":true,"href":"https:\/\/www.slaponline.nl\/nieuws\/wp-json\/wp\/v2\/comments?post=51550"}],"version-history":[{"count":0,"href":"https:\/\/www.slaponline.nl\/nieuws\/wp-json\/wp\/v2\/posts\/51550\/revisions"}],"wp:featuredmedia":[{"embeddable":true,"href":"https:\/\/www.slaponline.nl\/nieuws\/wp-json\/wp\/v2\/media\/51072"}],"wp:attachment":[{"href":"https:\/\/www.slaponline.nl\/nieuws\/wp-json\/wp\/v2\/media?parent=51550"}],"wp:term":[{"taxonomy":"category","embeddable":true,"href":"https:\/\/www.slaponline.nl\/nieuws\/wp-json\/wp\/v2\/categories?post=51550"},{"taxonomy":"post_tag","embeddable":true,"href":"https:\/\/www.slaponline.nl\/nieuws\/wp-json\/wp\/v2\/tags?post=51550"}],"curies":[{"name":"wp","href":"https:\/\/api.w.org\/{rel}","templated":true}]}}